{"id":48,"date":"2013-02-17T22:45:54","date_gmt":"2013-02-17T21:45:54","guid":{"rendered":"http:\/\/kuba2013.pancrew.de\/?p=48"},"modified":"2013-03-08T18:32:52","modified_gmt":"2013-03-08T17:32:52","slug":"die-altstadt-von-la-habana","status":"publish","type":"post","link":"http:\/\/kuba2013.pancrew.de\/?p=48","title":{"rendered":"Die Altstadt von La Habana"},"content":{"rendered":"<p>Donnerstag,\u00a0 14. Februar 2013<br \/>\nNach ordentlichem Fr\u00fchst\u00fcck gibt es eine Besprechung mit der Vertreterin des \u00f6rtlichen Reiseveranstalters. Gegen 10 Uhr laufen wir los, zuerst zum Plaza de Armas, dann die Touristen Meile Obispo nach Westen bis zur Bar El Floridita,\u00a0 Hemingwas Lieblings Kneipe. Die ist aber noch geschlossen. Ge\u00f6ffnet von 12am bis 12pm steht bei den meisten dran.<a href=\"http:\/\/kuba2013.pancrew.de\/wp-content\/uploads\/2013\/02\/IMG_0023.jpg\"><img decoding=\"async\" class=\"alignnone size-full wp-image-103\" title=\"El Floridita\" src=\"http:\/\/kuba2013.pancrew.de\/wp-content\/uploads\/2013\/02\/IMG_0023.jpg\" alt=\"\" \/><\/a> Vom kleinen Plaza neben der Bar beobachten wir den Stra\u00dfenverkehr.\u00a0 Hunderte Oldtimer meist amerikanischer Herkunft aus den 50ger Jahren sind dort noch als Touristentaxis f\u00fcr~ 25 CUC die Stunde unterwegs. Schade,\u00a0 dass nur sehr wenige restauriert sind und die anderen gerade auseinander fallen.<a href=\"http:\/\/kuba2013.pancrew.de\/wp-content\/uploads\/2013\/02\/IMG_0025.jpg\"><img decoding=\"async\" class=\"alignnone size-full wp-image-104\" title=\"Oldtimer\" src=\"http:\/\/kuba2013.pancrew.de\/wp-content\/uploads\/2013\/02\/IMG_0025.jpg\" alt=\"\" \/><\/a> Vom Capitol bis zum Malecon am Meer geht&#8217;s weiter. Der Zustand der ehemals prachtvollen H\u00e4user wechselt von etwas renoviert bis v\u00f6llig verfallen.<a href=\"http:\/\/kuba2013.pancrew.de\/wp-content\/uploads\/2013\/02\/IMG_0050.jpg\"><img decoding=\"async\" class=\"alignnone size-full wp-image-105\" title=\"Havanna\" src=\"http:\/\/kuba2013.pancrew.de\/wp-content\/uploads\/2013\/02\/IMG_0050.jpg\" alt=\"\" \/><\/a> In beiden wird aber weiterhin gelebt. Plaza Cathedral und ein kleines Automuseum mit einigen Fahrzeugen aus den 20. und 30. Jahren im Originalzustand sind die n\u00e4chsten Stationen bevor wir in einem Stra\u00dfencafe einkehren. Auf der Suche nach einem offenen WLAN werden wir nicht f\u00fcndig. Internet ist hier noch was ganz seltenes. Internetcafes gibt&#8217;s auch keine. Also kann ich wieder keinen Blogeintrag ver\u00f6ffentlichen. Morgen im l\u00e4ndlichen Vi\u00f1ales wohl eher auch nicht.<\/p>\n","protected":false},"excerpt":{"rendered":"<p>Donnerstag,\u00a0 14. Februar 2013 Nach ordentlichem Fr\u00fchst\u00fcck gibt es eine Besprechung mit der Vertreterin des \u00f6rtlichen Reiseveranstalters. Gegen 10 Uhr laufen wir los, zuerst zum Plaza de Armas, dann die Touristen Meile Obispo nach Westen bis zur Bar El Floridita,\u00a0 Hemingwas Lieblings Kneipe. Die ist aber noch geschlossen. Ge\u00f6ffnet von 12am bis 12pm steht bei [&hellip;]<\/p>\n","protected":false},"author":1,"featured_media":0,"comment_status":"open","ping_status":"open","sticky":false,"template":"","format":"standard","meta":{"footnotes":""},"categories":[3],"tags":[],"class_list":["post-48","post","type-post","status-publish","format-standard","hentry","category-on-tour"],"_links":{"self":[{"href":"http:\/\/kuba2013.pancrew.de\/index.php?rest_route=\/wp\/v2\/posts\/48","targetHints":{"allow":["GET"]}}],"collection":[{"href":"http:\/\/kuba2013.pancrew.de\/index.php?rest_route=\/wp\/v2\/posts"}],"about":[{"href":"http:\/\/kuba2013.pancrew.de\/index.php?rest_route=\/wp\/v2\/types\/post"}],"author":[{"embeddable":true,"href":"http:\/\/kuba2013.pancrew.de\/index.php?rest_route=\/wp\/v2\/users\/1"}],"replies":[{"embeddable":true,"href":"http:\/\/kuba2013.pancrew.de\/index.php?rest_route=%2Fwp%2Fv2%2Fcomments&post=48"}],"version-history":[{"count":0,"href":"http:\/\/kuba2013.pancrew.de\/index.php?rest_route=\/wp\/v2\/posts\/48\/revisions"}],"wp:attachment":[{"href":"http:\/\/kuba2013.pancrew.de\/index.php?rest_route=%2Fwp%2Fv2%2Fmedia&parent=48"}],"wp:term":[{"taxonomy":"category","embeddable":true,"href":"http:\/\/kuba2013.pancrew.de\/index.php?rest_route=%2Fwp%2Fv2%2Fcategories&post=48"},{"taxonomy":"post_tag","embeddable":true,"href":"http:\/\/kuba2013.pancrew.de\/index.php?rest_route=%2Fwp%2Fv2%2Ftags&post=48"}],"curies":[{"name":"wp","href":"https:\/\/api.w.org\/{rel}","templated":true}]}}