{"id":55,"date":"2013-02-19T22:52:32","date_gmt":"2013-02-19T21:52:32","guid":{"rendered":"http:\/\/kuba2013.pancrew.de\/?p=55"},"modified":"2013-03-08T19:26:20","modified_gmt":"2013-03-08T18:26:20","slug":"von-cienfuegos-ueber-die-berge-nach-trinidad","status":"publish","type":"post","link":"http:\/\/kuba2013.pancrew.de\/?p=55","title":{"rendered":"Von Cienfuegos ueber die Berge nach Trinidad"},"content":{"rendered":"<p>Montag,\u00a0 18. Febr. 2013<br \/>\nWir hatten mal wieder die A-Karte bei der Zimmer-Zuweisung gezogen. Gegen 22 Uhr lief in einiger Entfernung zu unserem geschlossenen Fenster (mit tollem Ausblick auf die Kathedrale und das Capitol) der Notstromgenerator an.<a href=\"http:\/\/kuba2013.pancrew.de\/wp-content\/uploads\/2013\/02\/IMG_0266.jpg\"><img decoding=\"async\" class=\"alignnone size-full wp-image-122\" title=\"IMG_0266\" src=\"http:\/\/kuba2013.pancrew.de\/wp-content\/uploads\/2013\/02\/IMG_0266.jpg\" alt=\"\" \/><\/a> Ungef\u00e4hr so laut, wie ein Motorrasenm\u00e4her in zwei Metern Entfernung ist. Und f\u00fcr was braucht man den Generator? Weil das Stromnetz nicht auslangt die Diskoanlage zu versorgen. Das Generatorger\u00e4usch wurde damit v\u00f6llig eliminiert &#8211; bis gegen 3 Uhr. Es ist So auf Mo Nacht-man muss hier anscheinend nicht am Mo fr\u00fch aufstehen.<br \/>\nNach dem Fr\u00fchst\u00fcck fahren wir zum botanischen Garten au\u00dferhalb der Stadt. Sehr sch\u00f6nes Areal. Ein einheimischer Arbeiter zeigt uns einige sch\u00f6ne Pl\u00e4tze und erkl\u00e4rt uns die Pflanzenarten. <a href=\"http:\/\/kuba2013.pancrew.de\/wp-content\/uploads\/2013\/02\/IMG_0286_Bildgr\u00f6\u00dfe-\u00e4ndern.jpg\"><img loading=\"lazy\" decoding=\"async\" class=\"alignnone size-full wp-image-124\" title=\"IMG_0286_Bildgr\u00f6\u00dfe \u00e4ndern\" src=\"http:\/\/kuba2013.pancrew.de\/wp-content\/uploads\/2013\/02\/IMG_0286_Bildgr\u00f6\u00dfe-\u00e4ndern.jpg\" alt=\"\" width=\"800\" height=\"533\" srcset=\"http:\/\/kuba2013.pancrew.de\/wp-content\/uploads\/2013\/02\/IMG_0286_Bildgr\u00f6\u00dfe-\u00e4ndern.jpg 800w, http:\/\/kuba2013.pancrew.de\/wp-content\/uploads\/2013\/02\/IMG_0286_Bildgr\u00f6\u00dfe-\u00e4ndern-300x199.jpg 300w, http:\/\/kuba2013.pancrew.de\/wp-content\/uploads\/2013\/02\/IMG_0286_Bildgr\u00f6\u00dfe-\u00e4ndern-450x300.jpg 450w\" sizes=\"auto, (max-width: 800px) 100vw, 800px\" \/><\/a><a href=\"http:\/\/kuba2013.pancrew.de\/wp-content\/uploads\/2013\/02\/IMG_0294.jpg\"><img decoding=\"async\" class=\"alignnone size-full wp-image-125\" title=\"IMG_0294\" src=\"http:\/\/kuba2013.pancrew.de\/wp-content\/uploads\/2013\/02\/IMG_0294.jpg\" alt=\"\" \/><\/a>Wir bedanken uns mit ein paar CUCs. Wir w\u00e4hlen die Route \u00fcber die Berge nach Trinidad. Dort werden wir bereits von unserer Gastfamilie in der Casa Particular La Font erwartet. Ist ein recht sch\u00f6nes St\u00e4dtchen mit niedrigen, bunten H\u00e4usern.<a href=\"http:\/\/kuba2013.pancrew.de\/wp-content\/uploads\/2013\/02\/IMG_0424.jpg\"><img decoding=\"async\" class=\"alignnone size-full wp-image-129\" title=\"IMG_0424\" src=\"http:\/\/kuba2013.pancrew.de\/wp-content\/uploads\/2013\/02\/IMG_0424.jpg\" alt=\"\" \/><\/a> <a href=\"http:\/\/kuba2013.pancrew.de\/wp-content\/uploads\/2013\/02\/IMG_0386.jpg\"><img decoding=\"async\" class=\"alignnone size-full wp-image-128\" title=\"IMG_0386\" src=\"http:\/\/kuba2013.pancrew.de\/wp-content\/uploads\/2013\/02\/IMG_0386.jpg\" alt=\"\" \/><\/a><a href=\"http:\/\/kuba2013.pancrew.de\/wp-content\/uploads\/2013\/02\/IMG_0325.jpg\"><img decoding=\"async\" class=\"alignnone size-full wp-image-126\" title=\"IMG_0325\" src=\"http:\/\/kuba2013.pancrew.de\/wp-content\/uploads\/2013\/02\/IMG_0325.jpg\" alt=\"\" \/><\/a><a href=\"http:\/\/kuba2013.pancrew.de\/wp-content\/uploads\/2013\/02\/IMG_0329.jpg\"><img decoding=\"async\" class=\"alignnone size-full wp-image-127\" title=\"IMG_0329\" src=\"http:\/\/kuba2013.pancrew.de\/wp-content\/uploads\/2013\/02\/IMG_0329.jpg\" alt=\"\" \/><\/a>Abends gibt&#8217;s Shrimps bei der Gastfamilie. Danach noch zum Plaza de Major und zur Treppe la Musica. Ist aber nichts los. Die Bustouristen \u00fcbernachten nicht in der Stadt und Individualtouristen wie wir sind nicht viele da.<br \/>\nHeute war wolkenloser Himmel bei 26 Grad.<\/p>\n<p>[map style=&#8220;width: auto; height:300px; margin:20px 0px 20px 0px; border: 1px solid black;&#8220; gpx=&#8220;http:\/\/kuba2013.pancrew.de\/wp-content\/uploads\/gpslog2013-02-18_1635.gpx&#8220;]<\/p>\n","protected":false},"excerpt":{"rendered":"<p>Montag,\u00a0 18. Febr. 2013 Wir hatten mal wieder die A-Karte bei der Zimmer-Zuweisung gezogen. Gegen 22 Uhr lief in einiger Entfernung zu unserem geschlossenen Fenster (mit tollem Ausblick auf die Kathedrale und das Capitol) der Notstromgenerator an. Ungef\u00e4hr so laut, wie ein Motorrasenm\u00e4her in zwei Metern Entfernung ist. Und f\u00fcr was braucht man den Generator? [&hellip;]<\/p>\n","protected":false},"author":1,"featured_media":127,"comment_status":"open","ping_status":"open","sticky":false,"template":"","format":"standard","meta":{"footnotes":""},"categories":[3],"tags":[],"class_list":["post-55","post","type-post","status-publish","format-standard","has-post-thumbnail","hentry","category-on-tour"],"_links":{"self":[{"href":"http:\/\/kuba2013.pancrew.de\/index.php?rest_route=\/wp\/v2\/posts\/55","targetHints":{"allow":["GET"]}}],"collection":[{"href":"http:\/\/kuba2013.pancrew.de\/index.php?rest_route=\/wp\/v2\/posts"}],"about":[{"href":"http:\/\/kuba2013.pancrew.de\/index.php?rest_route=\/wp\/v2\/types\/post"}],"author":[{"embeddable":true,"href":"http:\/\/kuba2013.pancrew.de\/index.php?rest_route=\/wp\/v2\/users\/1"}],"replies":[{"embeddable":true,"href":"http:\/\/kuba2013.pancrew.de\/index.php?rest_route=%2Fwp%2Fv2%2Fcomments&post=55"}],"version-history":[{"count":0,"href":"http:\/\/kuba2013.pancrew.de\/index.php?rest_route=\/wp\/v2\/posts\/55\/revisions"}],"wp:featuredmedia":[{"embeddable":true,"href":"http:\/\/kuba2013.pancrew.de\/index.php?rest_route=\/wp\/v2\/media\/127"}],"wp:attachment":[{"href":"http:\/\/kuba2013.pancrew.de\/index.php?rest_route=%2Fwp%2Fv2%2Fmedia&parent=55"}],"wp:term":[{"taxonomy":"category","embeddable":true,"href":"http:\/\/kuba2013.pancrew.de\/index.php?rest_route=%2Fwp%2Fv2%2Fcategories&post=55"},{"taxonomy":"post_tag","embeddable":true,"href":"http:\/\/kuba2013.pancrew.de\/index.php?rest_route=%2Fwp%2Fv2%2Ftags&post=55"}],"curies":[{"name":"wp","href":"https:\/\/api.w.org\/{rel}","templated":true}]}}