{"id":74,"date":"2013-03-05T11:28:41","date_gmt":"2013-03-05T10:28:41","guid":{"rendered":"http:\/\/kuba2013.pancrew.de\/?p=74"},"modified":"2013-03-10T20:42:38","modified_gmt":"2013-03-10T19:42:38","slug":"von-santiago-de-cuba-nach-baracoa","status":"publish","type":"post","link":"http:\/\/kuba2013.pancrew.de\/?p=74","title":{"rendered":"Von Santiago de Cuba nach Baracoa"},"content":{"rendered":"<p>Montag, 25. Febr. 2013<br \/>\nWir fahren zeitig von Santiago de Cuba los, denn es liegen rund 280 km Landstra\u00dfe vor uns. Wir entscheiden uns f\u00fcr die K\u00fcstenstra\u00dfe bis nach Guantanamo. Zuerst durch h\u00fcgelige Landschaft mit ein paar D\u00f6rfern,\u00a0dann teilweise an der K\u00fcste entlang. Dort einige Hotels, wo offensichtlich nur noch Personal auf G\u00e4ste wartet. Eigentlich eine sch\u00f6ne Gegend. So gut wie keine Fahrzeuge unterwegs. Nach 50 km ein Seil \u00fcber die Stra\u00dfe gespannt und ein staatlicher Seilbewacher, der uns zu verstehen gibt,\u00a0 dass die Stra\u00dfe ab hier nicht mehr befahrbar ist. Ok &#8211; dann halt 50 km die Sackgasse wieder zur\u00fcck bis nach Santiago de Cuba.<a href=\"http:\/\/kuba2013.pancrew.de\/wp-content\/uploads\/2013\/03\/Kuba_0729.jpg\"><img loading=\"lazy\" decoding=\"async\" class=\"alignnone size-full wp-image-177\" title=\"Kuba_0729\" src=\"http:\/\/kuba2013.pancrew.de\/wp-content\/uploads\/2013\/03\/Kuba_0729.jpg\" alt=\"\" width=\"1024\" height=\"683\" srcset=\"http:\/\/kuba2013.pancrew.de\/wp-content\/uploads\/2013\/03\/Kuba_0729.jpg 1024w, http:\/\/kuba2013.pancrew.de\/wp-content\/uploads\/2013\/03\/Kuba_0729-300x200.jpg 300w, http:\/\/kuba2013.pancrew.de\/wp-content\/uploads\/2013\/03\/Kuba_0729-449x300.jpg 449w\" sizes=\"auto, (max-width: 1024px) 100vw, 1024px\" \/><\/a><a href=\"http:\/\/kuba2013.pancrew.de\/wp-content\/uploads\/2013\/03\/Kuba_0731.jpg\"><img loading=\"lazy\" decoding=\"async\" class=\"alignnone size-full wp-image-178\" title=\"Kuba_0731\" src=\"http:\/\/kuba2013.pancrew.de\/wp-content\/uploads\/2013\/03\/Kuba_0731.jpg\" alt=\"\" width=\"726\" height=\"487\" srcset=\"http:\/\/kuba2013.pancrew.de\/wp-content\/uploads\/2013\/03\/Kuba_0731.jpg 726w, http:\/\/kuba2013.pancrew.de\/wp-content\/uploads\/2013\/03\/Kuba_0731-300x201.jpg 300w, http:\/\/kuba2013.pancrew.de\/wp-content\/uploads\/2013\/03\/Kuba_0731-447x300.jpg 447w\" sizes=\"auto, (max-width: 726px) 100vw, 726px\" \/><\/a><a href=\"http:\/\/kuba2013.pancrew.de\/wp-content\/uploads\/2013\/03\/Kuba_0737.jpg\"><img loading=\"lazy\" decoding=\"async\" class=\"alignnone size-full wp-image-179\" title=\"Kuba_0737\" src=\"http:\/\/kuba2013.pancrew.de\/wp-content\/uploads\/2013\/03\/Kuba_0737.jpg\" alt=\"\" width=\"1024\" height=\"683\" srcset=\"http:\/\/kuba2013.pancrew.de\/wp-content\/uploads\/2013\/03\/Kuba_0737.jpg 1024w, http:\/\/kuba2013.pancrew.de\/wp-content\/uploads\/2013\/03\/Kuba_0737-300x200.jpg 300w, http:\/\/kuba2013.pancrew.de\/wp-content\/uploads\/2013\/03\/Kuba_0737-449x300.jpg 449w\" sizes=\"auto, (max-width: 1024px) 100vw, 1024px\" \/><\/a> Man kann ja kein Schild am Anfang der Sackgasse hinstellen. M\u00fcssen statt der sch\u00f6nen K\u00fcstenstra\u00dfe jetzt durchs langweilige Landesinnere, teilweise eine je 3 spurige Autobahn \u00fcber mind. 20 km nur f\u00fcr uns und ein paar Ochsenkarren. F\u00fcr wen die ist, wei\u00df nur Fidel alleine- oder bekommen die Kubaner demn\u00e4chst vielleicht alle vom Fidel ein staatseigenes Fahrzeug zugeteilt?<br \/>\nDann von Guantanamo wieder eine wenig befahrene Stra\u00dfe in Richtung K\u00fcste.\u00a0 Werden von einem Kontrollposten angehalten, der uns nur fragt, wohin wir wollen.\u00a0Baracoa &#8211; die Stra\u00dfe sei nicht so gut, aber befahrbar- meint er. Immerhin sagt&#8217;s uns hier einer zuvor wie&#8217;s aussieht. Gracias.<br \/>\nZuerst immer wieder an der K\u00fcste entlang mit Kakteen,\u00a0dann viele Kurven die Berge mit \u00fcppigem Bewuchs rauf und runter bis nach Baracoa.<a href=\"http:\/\/kuba2013.pancrew.de\/wp-content\/uploads\/2013\/03\/Kuba_0745.jpg\"><img loading=\"lazy\" decoding=\"async\" class=\"alignnone size-full wp-image-182\" title=\"Kuba_0745\" src=\"http:\/\/kuba2013.pancrew.de\/wp-content\/uploads\/2013\/03\/Kuba_0745.jpg\" alt=\"\" width=\"1024\" height=\"683\" srcset=\"http:\/\/kuba2013.pancrew.de\/wp-content\/uploads\/2013\/03\/Kuba_0745.jpg 1024w, http:\/\/kuba2013.pancrew.de\/wp-content\/uploads\/2013\/03\/Kuba_0745-300x200.jpg 300w, http:\/\/kuba2013.pancrew.de\/wp-content\/uploads\/2013\/03\/Kuba_0745-449x300.jpg 449w\" sizes=\"auto, (max-width: 1024px) 100vw, 1024px\" \/><\/a><a href=\"http:\/\/kuba2013.pancrew.de\/wp-content\/uploads\/2013\/03\/Kuba_0750.jpg\"><img loading=\"lazy\" decoding=\"async\" class=\"alignnone size-full wp-image-183\" title=\"Kuba_0750\" src=\"http:\/\/kuba2013.pancrew.de\/wp-content\/uploads\/2013\/03\/Kuba_0750.jpg\" alt=\"\" width=\"512\" height=\"768\" srcset=\"http:\/\/kuba2013.pancrew.de\/wp-content\/uploads\/2013\/03\/Kuba_0750.jpg 512w, http:\/\/kuba2013.pancrew.de\/wp-content\/uploads\/2013\/03\/Kuba_0750-200x300.jpg 200w\" sizes=\"auto, (max-width: 512px) 100vw, 512px\" \/><\/a><a href=\"http:\/\/kuba2013.pancrew.de\/wp-content\/uploads\/2013\/03\/Kuba_0753.jpg\"><img loading=\"lazy\" decoding=\"async\" class=\"alignnone size-full wp-image-184\" title=\"Stitched Panorama\" src=\"http:\/\/kuba2013.pancrew.de\/wp-content\/uploads\/2013\/03\/Kuba_0753.jpg\" alt=\"\" width=\"1024\" height=\"448\" srcset=\"http:\/\/kuba2013.pancrew.de\/wp-content\/uploads\/2013\/03\/Kuba_0753.jpg 1024w, http:\/\/kuba2013.pancrew.de\/wp-content\/uploads\/2013\/03\/Kuba_0753-300x131.jpg 300w, http:\/\/kuba2013.pancrew.de\/wp-content\/uploads\/2013\/03\/Kuba_0753-500x218.jpg 500w\" sizes=\"auto, (max-width: 1024px) 100vw, 1024px\" \/><\/a> Das Hotel El Castillo auf einem H\u00fcgel mit traumhaftem Blick auf die Bucht und das Meer am Rande des Humboldt Nationalparks ist unser Quartier f\u00fcr die n\u00e4chsten 2 Tage. Bei einem Stadtrundgang am sp\u00e4ten Nachmittag finden wir eine Casa de la Trova in der 8 kubanische Musiker endlich mal hei\u00dfe Rhythmen erklingen lassen.<a href=\"http:\/\/kuba2013.pancrew.de\/wp-content\/uploads\/2013\/03\/Kuba_0797.jpg\"><img loading=\"lazy\" decoding=\"async\" class=\"alignnone size-full wp-image-186\" title=\"Kuba_0797\" src=\"http:\/\/kuba2013.pancrew.de\/wp-content\/uploads\/2013\/03\/Kuba_0797.jpg\" alt=\"\" width=\"1024\" height=\"683\" srcset=\"http:\/\/kuba2013.pancrew.de\/wp-content\/uploads\/2013\/03\/Kuba_0797.jpg 1024w, http:\/\/kuba2013.pancrew.de\/wp-content\/uploads\/2013\/03\/Kuba_0797-300x200.jpg 300w, http:\/\/kuba2013.pancrew.de\/wp-content\/uploads\/2013\/03\/Kuba_0797-449x300.jpg 449w\" sizes=\"auto, (max-width: 1024px) 100vw, 1024px\" \/><\/a><a href=\"http:\/\/kuba2013.pancrew.de\/wp-content\/uploads\/2013\/03\/Kuba_0771.jpg\"><img loading=\"lazy\" decoding=\"async\" class=\"alignnone size-full wp-image-185\" title=\"Kuba_0771\" src=\"http:\/\/kuba2013.pancrew.de\/wp-content\/uploads\/2013\/03\/Kuba_0771.jpg\" alt=\"\" width=\"1024\" height=\"683\" srcset=\"http:\/\/kuba2013.pancrew.de\/wp-content\/uploads\/2013\/03\/Kuba_0771.jpg 1024w, http:\/\/kuba2013.pancrew.de\/wp-content\/uploads\/2013\/03\/Kuba_0771-300x200.jpg 300w, http:\/\/kuba2013.pancrew.de\/wp-content\/uploads\/2013\/03\/Kuba_0771-449x300.jpg 449w\" sizes=\"auto, (max-width: 1024px) 100vw, 1024px\" \/><\/a> Innerliche Abk\u00fchlung durch ein paar Bucanero Cervesas f\u00fcr je 1 CUC. M\u00e4\u00dfiges Abendessen im Restaurant El Castillo.<\/p>\n","protected":false},"excerpt":{"rendered":"<p>Montag, 25. Febr. 2013 Wir fahren zeitig von Santiago de Cuba los, denn es liegen rund 280 km Landstra\u00dfe vor uns. Wir entscheiden uns f\u00fcr die K\u00fcstenstra\u00dfe bis nach Guantanamo. Zuerst durch h\u00fcgelige Landschaft mit ein paar D\u00f6rfern,\u00a0dann teilweise an der K\u00fcste entlang. Dort einige Hotels, wo offensichtlich nur noch Personal auf G\u00e4ste wartet. Eigentlich [&hellip;]<\/p>\n","protected":false},"author":1,"featured_media":0,"comment_status":"open","ping_status":"open","sticky":false,"template":"","format":"standard","meta":{"footnotes":""},"categories":[3],"tags":[],"class_list":["post-74","post","type-post","status-publish","format-standard","hentry","category-on-tour"],"_links":{"self":[{"href":"http:\/\/kuba2013.pancrew.de\/index.php?rest_route=\/wp\/v2\/posts\/74","targetHints":{"allow":["GET"]}}],"collection":[{"href":"http:\/\/kuba2013.pancrew.de\/index.php?rest_route=\/wp\/v2\/posts"}],"about":[{"href":"http:\/\/kuba2013.pancrew.de\/index.php?rest_route=\/wp\/v2\/types\/post"}],"author":[{"embeddable":true,"href":"http:\/\/kuba2013.pancrew.de\/index.php?rest_route=\/wp\/v2\/users\/1"}],"replies":[{"embeddable":true,"href":"http:\/\/kuba2013.pancrew.de\/index.php?rest_route=%2Fwp%2Fv2%2Fcomments&post=74"}],"version-history":[{"count":0,"href":"http:\/\/kuba2013.pancrew.de\/index.php?rest_route=\/wp\/v2\/posts\/74\/revisions"}],"wp:attachment":[{"href":"http:\/\/kuba2013.pancrew.de\/index.php?rest_route=%2Fwp%2Fv2%2Fmedia&parent=74"}],"wp:term":[{"taxonomy":"category","embeddable":true,"href":"http:\/\/kuba2013.pancrew.de\/index.php?rest_route=%2Fwp%2Fv2%2Fcategories&post=74"},{"taxonomy":"post_tag","embeddable":true,"href":"http:\/\/kuba2013.pancrew.de\/index.php?rest_route=%2Fwp%2Fv2%2Ftags&post=74"}],"curies":[{"name":"wp","href":"https:\/\/api.w.org\/{rel}","templated":true}]}}